{"id":902,"date":"2022-09-29T15:59:15","date_gmt":"2022-09-29T15:59:15","guid":{"rendered":"https:\/\/temax.gob.mx\/?p=902"},"modified":"2022-09-29T15:59:15","modified_gmt":"2022-09-29T15:59:15","slug":"jornada-de-vacunacion-infantil-de-5-a-11-anos","status":"publish","type":"post","link":"https:\/\/temax.gob.mx\/index.php\/2022\/09\/29\/jornada-de-vacunacion-infantil-de-5-a-11-anos\/","title":{"rendered":"Jornada de Vacunaci\u00f3n Infantil de 5 a 11 a\u00f1os."},"content":{"rendered":"<div id='gallery-1' class='gallery galleryid-902 gallery-columns-4 gallery-size-thumbnail'><figure class='gallery-item'>\n\t\t\t<div class='gallery-icon landscape'>\n\t\t\t\t<a href='https:\/\/temax.gob.mx\/wp-content\/uploads\/2022\/09\/306086561_187355127016965_2968444520373203231_n.jpg'><img loading=\"lazy\" decoding=\"async\" width=\"150\" height=\"150\" src=\"https:\/\/temax.gob.mx\/wp-content\/uploads\/2022\/09\/306086561_187355127016965_2968444520373203231_n-150x150.jpg\" class=\"attachment-thumbnail size-thumbnail\" alt=\"\" \/><\/a>\n\t\t\t<\/div><\/figure><figure class='gallery-item'>\n\t\t\t<div class='gallery-icon landscape'>\n\t\t\t\t<a href='https:\/\/temax.gob.mx\/wp-content\/uploads\/2022\/09\/306287391_187355110350300_3212658576927687018_n.jpg'><img loading=\"lazy\" decoding=\"async\" width=\"150\" height=\"150\" src=\"https:\/\/temax.gob.mx\/wp-content\/uploads\/2022\/09\/306287391_187355110350300_3212658576927687018_n-150x150.jpg\" class=\"attachment-thumbnail size-thumbnail\" alt=\"\" \/><\/a>\n\t\t\t<\/div><\/figure><figure class='gallery-item'>\n\t\t\t<div class='gallery-icon landscape'>\n\t\t\t\t<a href='https:\/\/temax.gob.mx\/wp-content\/uploads\/2022\/09\/306774127_187355047016973_5679340879587019386_n.jpg'><img loading=\"lazy\" decoding=\"async\" width=\"150\" height=\"150\" src=\"https:\/\/temax.gob.mx\/wp-content\/uploads\/2022\/09\/306774127_187355047016973_5679340879587019386_n-150x150.jpg\" class=\"attachment-thumbnail size-thumbnail\" alt=\"\" \/><\/a>\n\t\t\t<\/div><\/figure><figure class='gallery-item'>\n\t\t\t<div class='gallery-icon landscape'>\n\t\t\t\t<a href='https:\/\/temax.gob.mx\/wp-content\/uploads\/2022\/09\/306856542_187354950350316_6720061980056011058_n.jpg'><img loading=\"lazy\" decoding=\"async\" width=\"150\" height=\"150\" src=\"https:\/\/temax.gob.mx\/wp-content\/uploads\/2022\/09\/306856542_187354950350316_6720061980056011058_n-150x150.jpg\" class=\"attachment-thumbnail size-thumbnail\" alt=\"\" \/><\/a>\n\t\t\t<\/div><\/figure>\n\t\t<\/div>\n\n<p>En un ambiente divertido se desarroll\u00f3 la jornada de Vacunaci\u00f3n para ni\u00f1os y ni\u00f1as de 5 a 11 a\u00f1os en el municipio.<\/p>\n","protected":false},"excerpt":{"rendered":"<p>En un ambiente divertido se desarroll\u00f3 la jornada de Vacunaci\u00f3n para ni\u00f1os y ni\u00f1as de 5 a 11 a\u00f1os en el municipio.<\/p>\n","protected":false},"author":1,"featured_media":906,"comment_status":"closed","ping_status":"open","sticky":false,"template":"","format":"standard","meta":{"footnotes":""},"categories":[7],"tags":[],"class_list":["post-902","post","type-post","status-publish","format-standard","has-post-thumbnail","hentry","category-salud"],"_links":{"self":[{"href":"https:\/\/temax.gob.mx\/index.php\/wp-json\/wp\/v2\/posts\/902","targetHints":{"allow":["GET"]}}],"collection":[{"href":"https:\/\/temax.gob.mx\/index.php\/wp-json\/wp\/v2\/posts"}],"about":[{"href":"https:\/\/temax.gob.mx\/index.php\/wp-json\/wp\/v2\/types\/post"}],"author":[{"embeddable":true,"href":"https:\/\/temax.gob.mx\/index.php\/wp-json\/wp\/v2\/users\/1"}],"replies":[{"embeddable":true,"href":"https:\/\/temax.gob.mx\/index.php\/wp-json\/wp\/v2\/comments?post=902"}],"version-history":[{"count":1,"href":"https:\/\/temax.gob.mx\/index.php\/wp-json\/wp\/v2\/posts\/902\/revisions"}],"predecessor-version":[{"id":907,"href":"https:\/\/temax.gob.mx\/index.php\/wp-json\/wp\/v2\/posts\/902\/revisions\/907"}],"wp:featuredmedia":[{"embeddable":true,"href":"https:\/\/temax.gob.mx\/index.php\/wp-json\/wp\/v2\/media\/906"}],"wp:attachment":[{"href":"https:\/\/temax.gob.mx\/index.php\/wp-json\/wp\/v2\/media?parent=902"}],"wp:term":[{"taxonomy":"category","embeddable":true,"href":"https:\/\/temax.gob.mx\/index.php\/wp-json\/wp\/v2\/categories?post=902"},{"taxonomy":"post_tag","embeddable":true,"href":"https:\/\/temax.gob.mx\/index.php\/wp-json\/wp\/v2\/tags?post=902"}],"curies":[{"name":"wp","href":"https:\/\/api.w.org\/{rel}","templated":true}]}}