{"id":575,"date":"2022-06-03T17:40:37","date_gmt":"2022-06-03T17:40:37","guid":{"rendered":"https:\/\/temax.gob.mx\/?p=575"},"modified":"2022-06-03T17:40:37","modified_gmt":"2022-06-03T17:40:37","slug":"capacitacion-de-elementos-de-seguridad-publica","status":"publish","type":"post","link":"https:\/\/temax.gob.mx\/index.php\/2022\/06\/03\/capacitacion-de-elementos-de-seguridad-publica\/","title":{"rendered":"Capacitaci\u00f3n de elementos de Seguridad P\u00fablica."},"content":{"rendered":"<div id='gallery-1' class='gallery galleryid-575 gallery-columns-3 gallery-size-thumbnail'><figure class='gallery-item'>\n\t\t\t<div class='gallery-icon landscape'>\n\t\t\t\t<a href='https:\/\/temax.gob.mx\/wp-content\/uploads\/2022\/06\/285568723_168481255571019_567799521461211057_n.jpg'><img loading=\"lazy\" decoding=\"async\" width=\"150\" height=\"150\" src=\"https:\/\/temax.gob.mx\/wp-content\/uploads\/2022\/06\/285568723_168481255571019_567799521461211057_n-150x150.jpg\" class=\"attachment-thumbnail size-thumbnail\" alt=\"\" \/><\/a>\n\t\t\t<\/div><\/figure><figure class='gallery-item'>\n\t\t\t<div class='gallery-icon landscape'>\n\t\t\t\t<a href='https:\/\/temax.gob.mx\/wp-content\/uploads\/2022\/06\/285707542_168481208904357_6040846486967970791_n.jpg'><img loading=\"lazy\" decoding=\"async\" width=\"150\" height=\"150\" src=\"https:\/\/temax.gob.mx\/wp-content\/uploads\/2022\/06\/285707542_168481208904357_6040846486967970791_n-150x150.jpg\" class=\"attachment-thumbnail size-thumbnail\" alt=\"\" \/><\/a>\n\t\t\t<\/div><\/figure><figure class='gallery-item'>\n\t\t\t<div class='gallery-icon landscape'>\n\t\t\t\t<a href='https:\/\/temax.gob.mx\/wp-content\/uploads\/2022\/06\/285767088_168481218904356_6772119395113246481_n.jpg'><img loading=\"lazy\" decoding=\"async\" width=\"150\" height=\"150\" src=\"https:\/\/temax.gob.mx\/wp-content\/uploads\/2022\/06\/285767088_168481218904356_6772119395113246481_n-150x150.jpg\" class=\"attachment-thumbnail size-thumbnail\" alt=\"\" \/><\/a>\n\t\t\t<\/div><\/figure>\n\t\t<\/div>\n\n<p>Reconocenos que los elementos de la polic\u00eda municipal de <a class=\"oajrlxb2 g5ia77u1 qu0x051f esr5mh6w e9989ue4 r7d6kgcz rq0escxv nhd2j8a9 nc684nl6 p7hjln8o kvgmc6g5 cxmmr5t8 oygrvhab hcukyx3x jb3vyjys rz4wbd8a qt6c0cv9 a8nywdso i1ao9s8h esuyzwwr f1sip0of lzcic4wl gpro0wi8 q66pz984 b1v8xokw\" tabindex=\"0\" role=\"link\" href=\"https:\/\/www.facebook.com\/hashtag\/temax?__eep__=6&amp;__cft__[0]=AZUyRp3MwHbLOFNlu8z7296UO5eAXeoY4p2qiOOOdJtuwbQBBl7chuXxH5JYChSBpdHQdNGfwwSpRanpR5-7RGAJJTpvVrA169B2f8HMZowOthcjoPViMmXB8SgZG3Ox-ifcL31gZG2UIKGSGMfenYbXqP6dbUZ-ZDBCi302Xb7V3w&amp;__tn__=*NK-R\">#Temax<\/a> sigan capacit\u00e1ndose y form\u00e1ndose para brindar una mejor atenci\u00f3n a los ciudadanos. Elementos de nuestra corporaci\u00f3n policiaca, recibieron constancias por haber participado en los talleres \u201cDerechos humanos\u201d y \u201cSeguridad P\u00fablica y Funciones Policiales\u201d realizados en <a class=\"oajrlxb2 g5ia77u1 qu0x051f esr5mh6w e9989ue4 r7d6kgcz rq0escxv nhd2j8a9 nc684nl6 p7hjln8o kvgmc6g5 cxmmr5t8 oygrvhab hcukyx3x jb3vyjys rz4wbd8a qt6c0cv9 a8nywdso i1ao9s8h esuyzwwr f1sip0of lzcic4wl gpro0wi8 q66pz984 b1v8xokw\" tabindex=\"0\" role=\"link\" href=\"https:\/\/www.facebook.com\/hashtag\/motul?__eep__=6&amp;__cft__[0]=AZUyRp3MwHbLOFNlu8z7296UO5eAXeoY4p2qiOOOdJtuwbQBBl7chuXxH5JYChSBpdHQdNGfwwSpRanpR5-7RGAJJTpvVrA169B2f8HMZowOthcjoPViMmXB8SgZG3Ox-ifcL31gZG2UIKGSGMfenYbXqP6dbUZ-ZDBCi302Xb7V3w&amp;__tn__=*NK-R\">#Motul<\/a> y con los cuales reforzar\u00e1n los conocimientos y la seguridad para los temaxe\u00f1os.<\/p>\n","protected":false},"excerpt":{"rendered":"<p>Reconocenos que los elementos de la polic\u00eda municipal de #Temax sigan capacit\u00e1ndose y form\u00e1ndose para brindar una mejor atenci\u00f3n a los ciudadanos. Elementos de nuestra corporaci\u00f3n policiaca, recibieron constancias por haber participado en los talleres \u201cDerechos humanos\u201d y \u201cSeguridad P\u00fablica y Funciones Policiales\u201d realizados en #Motul y con los cuales reforzar\u00e1n los conocimientos y la [&hellip;]<\/p>\n","protected":false},"author":1,"featured_media":578,"comment_status":"closed","ping_status":"open","sticky":false,"template":"","format":"standard","meta":{"footnotes":""},"categories":[9],"tags":[],"class_list":["post-575","post","type-post","status-publish","format-standard","has-post-thumbnail","hentry","category-seguridad-publica"],"_links":{"self":[{"href":"https:\/\/temax.gob.mx\/index.php\/wp-json\/wp\/v2\/posts\/575","targetHints":{"allow":["GET"]}}],"collection":[{"href":"https:\/\/temax.gob.mx\/index.php\/wp-json\/wp\/v2\/posts"}],"about":[{"href":"https:\/\/temax.gob.mx\/index.php\/wp-json\/wp\/v2\/types\/post"}],"author":[{"embeddable":true,"href":"https:\/\/temax.gob.mx\/index.php\/wp-json\/wp\/v2\/users\/1"}],"replies":[{"embeddable":true,"href":"https:\/\/temax.gob.mx\/index.php\/wp-json\/wp\/v2\/comments?post=575"}],"version-history":[{"count":1,"href":"https:\/\/temax.gob.mx\/index.php\/wp-json\/wp\/v2\/posts\/575\/revisions"}],"predecessor-version":[{"id":579,"href":"https:\/\/temax.gob.mx\/index.php\/wp-json\/wp\/v2\/posts\/575\/revisions\/579"}],"wp:featuredmedia":[{"embeddable":true,"href":"https:\/\/temax.gob.mx\/index.php\/wp-json\/wp\/v2\/media\/578"}],"wp:attachment":[{"href":"https:\/\/temax.gob.mx\/index.php\/wp-json\/wp\/v2\/media?parent=575"}],"wp:term":[{"taxonomy":"category","embeddable":true,"href":"https:\/\/temax.gob.mx\/index.php\/wp-json\/wp\/v2\/categories?post=575"},{"taxonomy":"post_tag","embeddable":true,"href":"https:\/\/temax.gob.mx\/index.php\/wp-json\/wp\/v2\/tags?post=575"}],"curies":[{"name":"wp","href":"https:\/\/api.w.org\/{rel}","templated":true}]}}