{"id":2791,"date":"2025-12-16T18:27:09","date_gmt":"2025-12-16T18:27:09","guid":{"rendered":"https:\/\/temax.gob.mx\/?p=2791"},"modified":"2025-12-16T18:27:09","modified_gmt":"2025-12-16T18:27:09","slug":"xxv-encuentro-nacional-de-alimentacion-y-desarrollo-comunitario","status":"publish","type":"post","link":"https:\/\/temax.gob.mx\/index.php\/2025\/12\/16\/xxv-encuentro-nacional-de-alimentacion-y-desarrollo-comunitario\/","title":{"rendered":"XXV Encuentro Nacional de Alimentaci\u00f3n y Desarrollo Comunitario."},"content":{"rendered":"<div id='gallery-1' class='gallery galleryid-2791 gallery-columns-5 gallery-size-thumbnail'><figure class='gallery-item'>\n\t\t\t<div class='gallery-icon portrait'>\n\t\t\t\t<a href='https:\/\/temax.gob.mx\/wp-content\/uploads\/2025\/12\/591276095_122181951446552826_3782392387581098860_n.jpg'><img loading=\"lazy\" decoding=\"async\" width=\"150\" height=\"150\" src=\"https:\/\/temax.gob.mx\/wp-content\/uploads\/2025\/12\/591276095_122181951446552826_3782392387581098860_n-150x150.jpg\" class=\"attachment-thumbnail size-thumbnail\" alt=\"\" \/><\/a>\n\t\t\t<\/div><\/figure><figure class='gallery-item'>\n\t\t\t<div class='gallery-icon landscape'>\n\t\t\t\t<a href='https:\/\/temax.gob.mx\/wp-content\/uploads\/2025\/12\/591412112_122181951518552826_3865712189962208018_n.jpg'><img loading=\"lazy\" decoding=\"async\" width=\"150\" height=\"150\" src=\"https:\/\/temax.gob.mx\/wp-content\/uploads\/2025\/12\/591412112_122181951518552826_3865712189962208018_n-150x150.jpg\" class=\"attachment-thumbnail size-thumbnail\" alt=\"\" \/><\/a>\n\t\t\t<\/div><\/figure><figure class='gallery-item'>\n\t\t\t<div class='gallery-icon portrait'>\n\t\t\t\t<a href='https:\/\/temax.gob.mx\/wp-content\/uploads\/2025\/12\/592392332_122181951440552826_23610100174875806_n.jpg'><img loading=\"lazy\" decoding=\"async\" width=\"150\" height=\"150\" src=\"https:\/\/temax.gob.mx\/wp-content\/uploads\/2025\/12\/592392332_122181951440552826_23610100174875806_n-150x150.jpg\" class=\"attachment-thumbnail size-thumbnail\" alt=\"\" \/><\/a>\n\t\t\t<\/div><\/figure><figure class='gallery-item'>\n\t\t\t<div class='gallery-icon landscape'>\n\t\t\t\t<a href='https:\/\/temax.gob.mx\/wp-content\/uploads\/2025\/12\/592403510_122181951494552826_7407451712219157137_n.jpg'><img loading=\"lazy\" decoding=\"async\" width=\"150\" height=\"150\" src=\"https:\/\/temax.gob.mx\/wp-content\/uploads\/2025\/12\/592403510_122181951494552826_7407451712219157137_n-150x150.jpg\" class=\"attachment-thumbnail size-thumbnail\" alt=\"\" \/><\/a>\n\t\t\t<\/div><\/figure><figure class='gallery-item'>\n\t\t\t<div class='gallery-icon landscape'>\n\t\t\t\t<a href='https:\/\/temax.gob.mx\/wp-content\/uploads\/2025\/12\/592406433_122181951506552826_4977410507583790202_n.jpg'><img loading=\"lazy\" decoding=\"async\" width=\"150\" height=\"150\" src=\"https:\/\/temax.gob.mx\/wp-content\/uploads\/2025\/12\/592406433_122181951506552826_4977410507583790202_n-150x150.jpg\" class=\"attachment-thumbnail size-thumbnail\" alt=\"\" \/><\/a>\n\t\t\t<\/div><\/figure>\n\t\t<\/div>\n\n<div class=\"x14z9mp xat24cr x1lziwak x1vvkbs xtlvy1s x126k92a\">\n<div dir=\"auto\">En d\u00edas anteriores se llevo acabo en la ciudad de M\u00e9rida la apertura del XXV ENCUENTRO NACIONAL DE ALIMENTACI\u00d3N Y DESARROLLO COMUNITARIO que re\u00fane a los DIF DE TODO EL PA\u00cdS.<\/div>\n<\/div>\n<div class=\"x14z9mp xat24cr x1lziwak x1vvkbs xtlvy1s x126k92a\">\n<div dir=\"auto\">En la cual el gobernador <span class=\"html-span xdj266r x14z9mp xat24cr x1lziwak xexx8yu xyri2b x18d9i69 x1c1uobl x1hl2dhg x16tdsg8 x1vvkbs\"><a class=\"x1i10hfl xjbqb8w x1ejq31n x18oe1m7 x1sy0etr xstzfhl x972fbf x10w94by x1qhh985 x14e42zd x9f619 x1ypdohk xt0psk2 x3ct3a4 xdj266r x14z9mp xat24cr x1lziwak xexx8yu xyri2b x18d9i69 x1c1uobl x16tdsg8 x1hl2dhg xggy1nq x1a2a7pz xkrqix3 x1sur9pj x1fey0fg x1s688f\" tabindex=\"0\" role=\"link\" href=\"https:\/\/www.facebook.com\/huachodiazmena?__cft__[0]=AZZ_ygOyA3IVzxRSiR_J3LW0301V713PCHZeenMYDHKkS8DIDoJgs_NuMUfwCr_A0Mq2CxOOgxE6RzBIj_gWnMaXM_m7i8xyRXXGM8c3EeH1pyzUnGR40obOVzArr-N-I8KNqv-VVmr7kRF5skDjtBEH0YqyKYekY-cYZb2KLzEEKw&amp;__tn__=-]K-R\"><span class=\"xt0psk2\"><span class=\"xjp7ctv\">Huacho D\u00edaz Mena<\/span><\/span><\/a><\/span> la titular del SNDIF , Mar\u00eda del Roc\u00edo Garc\u00eda P\u00e9rez, nuestra Presidenta Honoraria Mtra. Wendy Yamile M\u00e9ndez Naal y la Directora Shirley Castillo encabezaron la apertura.<\/div>\n<\/div>\n<div class=\"x14z9mp xat24cr x1lziwak x1vvkbs xtlvy1s x126k92a\">\n<div dir=\"auto\">Desde el <span class=\"html-span xdj266r x14z9mp xat24cr x1lziwak xexx8yu xyri2b x18d9i69 x1c1uobl x1hl2dhg x16tdsg8 x1vvkbs\"><a class=\"x1i10hfl xjbqb8w x1ejq31n x18oe1m7 x1sy0etr xstzfhl x972fbf x10w94by x1qhh985 x14e42zd x9f619 x1ypdohk xt0psk2 x3ct3a4 xdj266r x14z9mp xat24cr x1lziwak xexx8yu xyri2b x18d9i69 x1c1uobl x16tdsg8 x1hl2dhg xggy1nq x1a2a7pz xkrqix3 x1sur9pj x1fey0fg x1s688f\" tabindex=\"0\" role=\"link\" href=\"https:\/\/www.facebook.com\/profile.php?id=61566584804344&amp;__cft__[0]=AZZ_ygOyA3IVzxRSiR_J3LW0301V713PCHZeenMYDHKkS8DIDoJgs_NuMUfwCr_A0Mq2CxOOgxE6RzBIj_gWnMaXM_m7i8xyRXXGM8c3EeH1pyzUnGR40obOVzArr-N-I8KNqv-VVmr7kRF5skDjtBEH0YqyKYekY-cYZb2KLzEEKw&amp;__tn__=-]K-R\"><span class=\"xt0psk2\"><span class=\"xjp7ctv\">DIF TEMAX 2024-2027<\/span><\/span><\/a><\/span> estamos comprometidos a seguir trabajando y velando por el bienestar de la poblaci\u00f3n en coordinaci\u00f3n con el <span class=\"html-span xdj266r x14z9mp xat24cr x1lziwak xexx8yu xyri2b x18d9i69 x1c1uobl x1hl2dhg x16tdsg8 x1vvkbs\"><a class=\"x1i10hfl xjbqb8w x1ejq31n x18oe1m7 x1sy0etr xstzfhl x972fbf x10w94by x1qhh985 x14e42zd x9f619 x1ypdohk xt0psk2 x3ct3a4 xdj266r x14z9mp xat24cr x1lziwak xexx8yu xyri2b x18d9i69 x1c1uobl x16tdsg8 x1hl2dhg xggy1nq x1a2a7pz xkrqix3 x1sur9pj x1fey0fg x1s688f\" tabindex=\"0\" role=\"link\" href=\"https:\/\/www.facebook.com\/DIFYucatan?__cft__[0]=AZZ_ygOyA3IVzxRSiR_J3LW0301V713PCHZeenMYDHKkS8DIDoJgs_NuMUfwCr_A0Mq2CxOOgxE6RzBIj_gWnMaXM_m7i8xyRXXGM8c3EeH1pyzUnGR40obOVzArr-N-I8KNqv-VVmr7kRF5skDjtBEH0YqyKYekY-cYZb2KLzEEKw&amp;__tn__=-]K-R\"><span class=\"xt0psk2\"><span class=\"xjp7ctv\">DIF Yucat\u00e1n<\/span><\/span><\/a><\/span>.<\/div>\n<\/div>\n","protected":false},"excerpt":{"rendered":"<p>En d\u00edas anteriores se llevo acabo en la ciudad de M\u00e9rida la apertura del XXV ENCUENTRO NACIONAL DE ALIMENTACI\u00d3N Y DESARROLLO COMUNITARIO que re\u00fane a los DIF DE TODO EL PA\u00cdS. En la cual el gobernador Huacho D\u00edaz Mena la titular del SNDIF , Mar\u00eda del Roc\u00edo Garc\u00eda P\u00e9rez, nuestra Presidenta Honoraria Mtra. Wendy Yamile [&hellip;]<\/p>\n","protected":false},"author":1,"featured_media":2793,"comment_status":"closed","ping_status":"open","sticky":false,"template":"","format":"standard","meta":{"footnotes":""},"categories":[15],"tags":[],"class_list":["post-2791","post","type-post","status-publish","format-standard","has-post-thumbnail","hentry","category-dif"],"_links":{"self":[{"href":"https:\/\/temax.gob.mx\/index.php\/wp-json\/wp\/v2\/posts\/2791","targetHints":{"allow":["GET"]}}],"collection":[{"href":"https:\/\/temax.gob.mx\/index.php\/wp-json\/wp\/v2\/posts"}],"about":[{"href":"https:\/\/temax.gob.mx\/index.php\/wp-json\/wp\/v2\/types\/post"}],"author":[{"embeddable":true,"href":"https:\/\/temax.gob.mx\/index.php\/wp-json\/wp\/v2\/users\/1"}],"replies":[{"embeddable":true,"href":"https:\/\/temax.gob.mx\/index.php\/wp-json\/wp\/v2\/comments?post=2791"}],"version-history":[{"count":1,"href":"https:\/\/temax.gob.mx\/index.php\/wp-json\/wp\/v2\/posts\/2791\/revisions"}],"predecessor-version":[{"id":2797,"href":"https:\/\/temax.gob.mx\/index.php\/wp-json\/wp\/v2\/posts\/2791\/revisions\/2797"}],"wp:featuredmedia":[{"embeddable":true,"href":"https:\/\/temax.gob.mx\/index.php\/wp-json\/wp\/v2\/media\/2793"}],"wp:attachment":[{"href":"https:\/\/temax.gob.mx\/index.php\/wp-json\/wp\/v2\/media?parent=2791"}],"wp:term":[{"taxonomy":"category","embeddable":true,"href":"https:\/\/temax.gob.mx\/index.php\/wp-json\/wp\/v2\/categories?post=2791"},{"taxonomy":"post_tag","embeddable":true,"href":"https:\/\/temax.gob.mx\/index.php\/wp-json\/wp\/v2\/tags?post=2791"}],"curies":[{"name":"wp","href":"https:\/\/api.w.org\/{rel}","templated":true}]}}