{"id":2738,"date":"2025-11-21T18:57:20","date_gmt":"2025-11-21T18:57:20","guid":{"rendered":"https:\/\/temax.gob.mx\/?p=2738"},"modified":"2025-11-21T18:57:20","modified_gmt":"2025-11-21T18:57:20","slug":"presentacion-de-concierto-didactico-cuerdas-y-madera-en-escuela-primaria","status":"publish","type":"post","link":"https:\/\/temax.gob.mx\/index.php\/2025\/11\/21\/presentacion-de-concierto-didactico-cuerdas-y-madera-en-escuela-primaria\/","title":{"rendered":"Presentaci\u00f3n de concierto did\u00e1ctico &#8220;Cuerdas y Madera&#8221; en escuela primaria."},"content":{"rendered":"<div id='gallery-1' class='gallery galleryid-2738 gallery-columns-4 gallery-size-thumbnail'><figure class='gallery-item'>\n\t\t\t<div class='gallery-icon landscape'>\n\t\t\t\t<a href='https:\/\/temax.gob.mx\/wp-content\/uploads\/2025\/11\/578626642_884175437635107_1989127424776452911_n.jpg'><img loading=\"lazy\" decoding=\"async\" width=\"150\" height=\"150\" src=\"https:\/\/temax.gob.mx\/wp-content\/uploads\/2025\/11\/578626642_884175437635107_1989127424776452911_n-150x150.jpg\" class=\"attachment-thumbnail size-thumbnail\" alt=\"\" \/><\/a>\n\t\t\t<\/div><\/figure><figure class='gallery-item'>\n\t\t\t<div class='gallery-icon portrait'>\n\t\t\t\t<a href='https:\/\/temax.gob.mx\/wp-content\/uploads\/2025\/11\/579134297_884175487635102_3593182804627485290_n.jpg'><img loading=\"lazy\" decoding=\"async\" width=\"150\" height=\"150\" src=\"https:\/\/temax.gob.mx\/wp-content\/uploads\/2025\/11\/579134297_884175487635102_3593182804627485290_n-150x150.jpg\" class=\"attachment-thumbnail size-thumbnail\" alt=\"\" \/><\/a>\n\t\t\t<\/div><\/figure><figure class='gallery-item'>\n\t\t\t<div class='gallery-icon landscape'>\n\t\t\t\t<a href='https:\/\/temax.gob.mx\/wp-content\/uploads\/2025\/11\/580536996_884175497635101_759944419927779271_n.jpg'><img loading=\"lazy\" decoding=\"async\" width=\"150\" height=\"150\" src=\"https:\/\/temax.gob.mx\/wp-content\/uploads\/2025\/11\/580536996_884175497635101_759944419927779271_n-150x150.jpg\" class=\"attachment-thumbnail size-thumbnail\" alt=\"\" \/><\/a>\n\t\t\t<\/div><\/figure><figure class='gallery-item'>\n\t\t\t<div class='gallery-icon portrait'>\n\t\t\t\t<a href='https:\/\/temax.gob.mx\/wp-content\/uploads\/2025\/11\/581014524_884175447635106_3934827201838046109_n.jpg'><img loading=\"lazy\" decoding=\"async\" width=\"150\" height=\"150\" src=\"https:\/\/temax.gob.mx\/wp-content\/uploads\/2025\/11\/581014524_884175447635106_3934827201838046109_n-150x150.jpg\" class=\"attachment-thumbnail size-thumbnail\" alt=\"\" \/><\/a>\n\t\t\t<\/div><\/figure>\n\t\t<\/div>\n\n<div class=\"x14z9mp xat24cr x1lziwak x1vvkbs xtlvy1s x126k92a\">\n<div dir=\"auto\">El d\u00eda de ayer, se llev\u00f3 a cabo la presentaci\u00f3n del concierto did\u00e1ctico denominado \u201cCuerdas y Madera\u201d en la escuela primaria Avelina C\u00e1rdenas Rej\u00f3n, en el cual, alumnos y alumnas de dicho plantel pudieron disfrutar de diversas piezas musicales y conocer los sonidos que emiten diversos instrumentos.<\/div>\n<\/div>\n<div class=\"x14z9mp xat24cr x1lziwak x1vvkbs xtlvy1s x126k92a\">\n<div dir=\"auto\">\u00a1Agradecemos las facilidades y atenciones de la directora del plantel, Profa. Yesenia Cruz Loogeb, as\u00ed como a la SEDECULTA para poder aterrizar estas actividades en nuestro municipio en pro de nuestros estudiantes temaxe\u00f1os!<\/div>\n<\/div>\n","protected":false},"excerpt":{"rendered":"<p>El d\u00eda de ayer, se llev\u00f3 a cabo la presentaci\u00f3n del concierto did\u00e1ctico denominado \u201cCuerdas y Madera\u201d en la escuela primaria Avelina C\u00e1rdenas Rej\u00f3n, en el cual, alumnos y alumnas de dicho plantel pudieron disfrutar de diversas piezas musicales y conocer los sonidos que emiten diversos instrumentos. \u00a1Agradecemos las facilidades y atenciones de la directora [&hellip;]<\/p>\n","protected":false},"author":1,"featured_media":2739,"comment_status":"closed","ping_status":"open","sticky":false,"template":"","format":"standard","meta":{"footnotes":""},"categories":[2],"tags":[],"class_list":["post-2738","post","type-post","status-publish","format-standard","has-post-thumbnail","hentry","category-educacion"],"_links":{"self":[{"href":"https:\/\/temax.gob.mx\/index.php\/wp-json\/wp\/v2\/posts\/2738","targetHints":{"allow":["GET"]}}],"collection":[{"href":"https:\/\/temax.gob.mx\/index.php\/wp-json\/wp\/v2\/posts"}],"about":[{"href":"https:\/\/temax.gob.mx\/index.php\/wp-json\/wp\/v2\/types\/post"}],"author":[{"embeddable":true,"href":"https:\/\/temax.gob.mx\/index.php\/wp-json\/wp\/v2\/users\/1"}],"replies":[{"embeddable":true,"href":"https:\/\/temax.gob.mx\/index.php\/wp-json\/wp\/v2\/comments?post=2738"}],"version-history":[{"count":1,"href":"https:\/\/temax.gob.mx\/index.php\/wp-json\/wp\/v2\/posts\/2738\/revisions"}],"predecessor-version":[{"id":2743,"href":"https:\/\/temax.gob.mx\/index.php\/wp-json\/wp\/v2\/posts\/2738\/revisions\/2743"}],"wp:featuredmedia":[{"embeddable":true,"href":"https:\/\/temax.gob.mx\/index.php\/wp-json\/wp\/v2\/media\/2739"}],"wp:attachment":[{"href":"https:\/\/temax.gob.mx\/index.php\/wp-json\/wp\/v2\/media?parent=2738"}],"wp:term":[{"taxonomy":"category","embeddable":true,"href":"https:\/\/temax.gob.mx\/index.php\/wp-json\/wp\/v2\/categories?post=2738"},{"taxonomy":"post_tag","embeddable":true,"href":"https:\/\/temax.gob.mx\/index.php\/wp-json\/wp\/v2\/tags?post=2738"}],"curies":[{"name":"wp","href":"https:\/\/api.w.org\/{rel}","templated":true}]}}