{"id":2568,"date":"2025-09-18T21:54:02","date_gmt":"2025-09-18T21:54:02","guid":{"rendered":"https:\/\/temax.gob.mx\/?p=2568"},"modified":"2025-09-18T21:54:02","modified_gmt":"2025-09-18T21:54:02","slug":"mesa-de-coordinacion-para-la-construccion-de-la-paz","status":"publish","type":"post","link":"https:\/\/temax.gob.mx\/index.php\/2025\/09\/18\/mesa-de-coordinacion-para-la-construccion-de-la-paz\/","title":{"rendered":"Mesa de Coordinaci\u00f3n para la Construcci\u00f3n de la Paz."},"content":{"rendered":"<div id='gallery-1' class='gallery galleryid-2568 gallery-columns-4 gallery-size-thumbnail'><figure class='gallery-item'>\n\t\t\t<div class='gallery-icon landscape'>\n\t\t\t\t<a href='https:\/\/temax.gob.mx\/wp-content\/uploads\/2025\/09\/541300409_826710690048249_4656729050189613065_n.jpg'><img loading=\"lazy\" decoding=\"async\" width=\"150\" height=\"150\" src=\"https:\/\/temax.gob.mx\/wp-content\/uploads\/2025\/09\/541300409_826710690048249_4656729050189613065_n-150x150.jpg\" class=\"attachment-thumbnail size-thumbnail\" alt=\"\" \/><\/a>\n\t\t\t<\/div><\/figure><figure class='gallery-item'>\n\t\t\t<div class='gallery-icon landscape'>\n\t\t\t\t<a href='https:\/\/temax.gob.mx\/wp-content\/uploads\/2025\/09\/541329841_826710376714947_3728611349446734463_n.jpg'><img loading=\"lazy\" decoding=\"async\" width=\"150\" height=\"150\" src=\"https:\/\/temax.gob.mx\/wp-content\/uploads\/2025\/09\/541329841_826710376714947_3728611349446734463_n-150x150.jpg\" class=\"attachment-thumbnail size-thumbnail\" alt=\"\" \/><\/a>\n\t\t\t<\/div><\/figure><figure class='gallery-item'>\n\t\t\t<div class='gallery-icon landscape'>\n\t\t\t\t<a href='https:\/\/temax.gob.mx\/wp-content\/uploads\/2025\/09\/541752480_826710323381619_8696551506612246457_n.jpg'><img loading=\"lazy\" decoding=\"async\" width=\"150\" height=\"150\" src=\"https:\/\/temax.gob.mx\/wp-content\/uploads\/2025\/09\/541752480_826710323381619_8696551506612246457_n-150x150.jpg\" class=\"attachment-thumbnail size-thumbnail\" alt=\"\" \/><\/a>\n\t\t\t<\/div><\/figure><figure class='gallery-item'>\n\t\t\t<div class='gallery-icon landscape'>\n\t\t\t\t<a href='https:\/\/temax.gob.mx\/wp-content\/uploads\/2025\/09\/541810334_826710583381593_5511122196103277289_n.jpg'><img loading=\"lazy\" decoding=\"async\" width=\"150\" height=\"150\" src=\"https:\/\/temax.gob.mx\/wp-content\/uploads\/2025\/09\/541810334_826710583381593_5511122196103277289_n-150x150.jpg\" class=\"attachment-thumbnail size-thumbnail\" alt=\"\" \/><\/a>\n\t\t\t<\/div><\/figure>\n\t\t<\/div>\n\n<div class=\"x14z9mp xat24cr x1lziwak x1vvkbs xtlvy1s x126k92a\">\n<div dir=\"auto\">El Presidente Municipal Interino Ing. Jesus K\u00fa Cime y el director de Seguridad P\u00fablica C. Ricardo Romero, participaron en la Mesa para la Construcci\u00f3n de la Paz y Seguridad que se llevo a cabo en nuestro municipio.<\/div>\n<\/div>\n<div class=\"x14z9mp xat24cr x1lziwak x1vvkbs xtlvy1s x126k92a\">\n<div dir=\"auto\">Estuvieron presentes los tres \u00f3rdenes de gobierno; en la reuni\u00f3n se dio a conocer que se est\u00e1 trabajando constantemente en el fortalecimiento de la Mesa Estatal para la Construcci\u00f3n de Paz y Seguridad en el Estado de Yucat\u00e1n que incorpora aspectos de coordinaci\u00f3n e implementaci\u00f3n de acciones con los tres \u00f3rdenes de gobierno para atender el tema de seguridad.<\/div>\n<\/div>\n<div class=\"x14z9mp xat24cr x1lziwak x1vvkbs xtlvy1s x126k92a\">\n<div dir=\"auto\">En este evento realizaron un reporte de actividades cada uno de los municipios participantes de igual manera se realiz\u00f3 una mesa de debate para escuchar los trabajos de seguridad en los municipios del estado, y de esta manera a trav\u00e9s de este espacio se puedan solicitar apoyos a las instituciones presentes del gobierno.<\/div>\n<\/div>\n<div class=\"x14z9mp xat24cr x1lziwak x1vvkbs xtlvy1s x126k92a\">\n<div dir=\"auto\">\u00a1En <span class=\"html-span xdj266r x14z9mp xat24cr x1lziwak xexx8yu xyri2b x18d9i69 x1c1uobl x1hl2dhg x16tdsg8 x1vvkbs\"><a class=\"x1i10hfl xjbqb8w x1ejq31n x18oe1m7 x1sy0etr xstzfhl x972fbf x10w94by x1qhh985 x14e42zd x9f619 x1ypdohk xt0psk2 x3ct3a4 xdj266r x14z9mp xat24cr x1lziwak xexx8yu xyri2b x18d9i69 x1c1uobl x16tdsg8 x1hl2dhg xggy1nq x1a2a7pz xkrqix3 x1sur9pj x1fey0fg x1s688f\" tabindex=\"0\" role=\"link\" href=\"https:\/\/www.facebook.com\/hashtag\/temax?__eep__=6&amp;__cft__[0]=AZXWn4cDvO8nIjRWyT23VVES4NiBSRZxzWgbmunKXi9hMbOV8T_cAf5MOld0ha6SWViK0tWxhdnishrRbDMR2SuUx_txnzwAZggQWtRWItDpN_-YD_VaeZHf9f7JIP0lySjej4AjK2MflAxirDI6BtwjHqLPwuDpVV-MR9X2AcYkAw&amp;__tn__=*NK-R\">#Temax<\/a><\/span> seguiremos haciendo equipo con los tres \u00f3rdenes de gobierno para salvaguardar la Paz y seguridad de todas las familias temaxe\u00f1as!<\/div>\n<\/div>\n","protected":false},"excerpt":{"rendered":"<p>El Presidente Municipal Interino Ing. Jesus K\u00fa Cime y el director de Seguridad P\u00fablica C. Ricardo Romero, participaron en la Mesa para la Construcci\u00f3n de la Paz y Seguridad que se llevo a cabo en nuestro municipio. Estuvieron presentes los tres \u00f3rdenes de gobierno; en la reuni\u00f3n se dio a conocer que se est\u00e1 trabajando [&hellip;]<\/p>\n","protected":false},"author":1,"featured_media":2571,"comment_status":"closed","ping_status":"open","sticky":false,"template":"","format":"standard","meta":{"footnotes":""},"categories":[9],"tags":[],"class_list":["post-2568","post","type-post","status-publish","format-standard","has-post-thumbnail","hentry","category-seguridad-publica"],"_links":{"self":[{"href":"https:\/\/temax.gob.mx\/index.php\/wp-json\/wp\/v2\/posts\/2568","targetHints":{"allow":["GET"]}}],"collection":[{"href":"https:\/\/temax.gob.mx\/index.php\/wp-json\/wp\/v2\/posts"}],"about":[{"href":"https:\/\/temax.gob.mx\/index.php\/wp-json\/wp\/v2\/types\/post"}],"author":[{"embeddable":true,"href":"https:\/\/temax.gob.mx\/index.php\/wp-json\/wp\/v2\/users\/1"}],"replies":[{"embeddable":true,"href":"https:\/\/temax.gob.mx\/index.php\/wp-json\/wp\/v2\/comments?post=2568"}],"version-history":[{"count":1,"href":"https:\/\/temax.gob.mx\/index.php\/wp-json\/wp\/v2\/posts\/2568\/revisions"}],"predecessor-version":[{"id":2573,"href":"https:\/\/temax.gob.mx\/index.php\/wp-json\/wp\/v2\/posts\/2568\/revisions\/2573"}],"wp:featuredmedia":[{"embeddable":true,"href":"https:\/\/temax.gob.mx\/index.php\/wp-json\/wp\/v2\/media\/2571"}],"wp:attachment":[{"href":"https:\/\/temax.gob.mx\/index.php\/wp-json\/wp\/v2\/media?parent=2568"}],"wp:term":[{"taxonomy":"category","embeddable":true,"href":"https:\/\/temax.gob.mx\/index.php\/wp-json\/wp\/v2\/categories?post=2568"},{"taxonomy":"post_tag","embeddable":true,"href":"https:\/\/temax.gob.mx\/index.php\/wp-json\/wp\/v2\/tags?post=2568"}],"curies":[{"name":"wp","href":"https:\/\/api.w.org\/{rel}","templated":true}]}}