{"id":2451,"date":"2025-07-21T19:33:33","date_gmt":"2025-07-21T19:33:33","guid":{"rendered":"https:\/\/temax.gob.mx\/?p=2451"},"modified":"2025-07-21T19:33:33","modified_gmt":"2025-07-21T19:33:33","slug":"primer-examen-de-grado-de-tae-kwon-do-en-temax","status":"publish","type":"post","link":"https:\/\/temax.gob.mx\/index.php\/2025\/07\/21\/primer-examen-de-grado-de-tae-kwon-do-en-temax\/","title":{"rendered":"Primer Examen de Grado de Tae Kwon Do en Temax."},"content":{"rendered":"<div id='gallery-1' class='gallery galleryid-2451 gallery-columns-4 gallery-size-thumbnail'><figure class='gallery-item'>\n\t\t\t<div class='gallery-icon portrait'>\n\t\t\t\t<a href='https:\/\/temax.gob.mx\/wp-content\/uploads\/2025\/07\/519765538_788573703861948_1014064177042689370_n.jpg'><img loading=\"lazy\" decoding=\"async\" width=\"150\" height=\"150\" src=\"https:\/\/temax.gob.mx\/wp-content\/uploads\/2025\/07\/519765538_788573703861948_1014064177042689370_n-150x150.jpg\" class=\"attachment-thumbnail size-thumbnail\" alt=\"\" \/><\/a>\n\t\t\t<\/div><\/figure><figure class='gallery-item'>\n\t\t\t<div class='gallery-icon landscape'>\n\t\t\t\t<a href='https:\/\/temax.gob.mx\/wp-content\/uploads\/2025\/07\/520051530_788573753861943_582329857658154212_n.jpg'><img loading=\"lazy\" decoding=\"async\" width=\"150\" height=\"150\" src=\"https:\/\/temax.gob.mx\/wp-content\/uploads\/2025\/07\/520051530_788573753861943_582329857658154212_n-150x150.jpg\" class=\"attachment-thumbnail size-thumbnail\" alt=\"\" srcset=\"https:\/\/temax.gob.mx\/wp-content\/uploads\/2025\/07\/520051530_788573753861943_582329857658154212_n-150x150.jpg 150w, https:\/\/temax.gob.mx\/wp-content\/uploads\/2025\/07\/520051530_788573753861943_582329857658154212_n-300x300.jpg 300w, https:\/\/temax.gob.mx\/wp-content\/uploads\/2025\/07\/520051530_788573753861943_582329857658154212_n-1024x1024.jpg 1024w, https:\/\/temax.gob.mx\/wp-content\/uploads\/2025\/07\/520051530_788573753861943_582329857658154212_n-768x768.jpg 768w, https:\/\/temax.gob.mx\/wp-content\/uploads\/2025\/07\/520051530_788573753861943_582329857658154212_n.jpg 1280w\" sizes=\"auto, (max-width: 150px) 100vw, 150px\" \/><\/a>\n\t\t\t<\/div><\/figure><figure class='gallery-item'>\n\t\t\t<div class='gallery-icon landscape'>\n\t\t\t\t<a href='https:\/\/temax.gob.mx\/wp-content\/uploads\/2025\/07\/520054877_788573620528623_8646180690517642666_n.jpg'><img loading=\"lazy\" decoding=\"async\" width=\"150\" height=\"150\" src=\"https:\/\/temax.gob.mx\/wp-content\/uploads\/2025\/07\/520054877_788573620528623_8646180690517642666_n-150x150.jpg\" class=\"attachment-thumbnail size-thumbnail\" alt=\"\" \/><\/a>\n\t\t\t<\/div><\/figure><figure class='gallery-item'>\n\t\t\t<div class='gallery-icon landscape'>\n\t\t\t\t<a href='https:\/\/temax.gob.mx\/wp-content\/uploads\/2025\/07\/520243758_788573730528612_5269252825687712679_n.jpg'><img loading=\"lazy\" decoding=\"async\" width=\"150\" height=\"150\" src=\"https:\/\/temax.gob.mx\/wp-content\/uploads\/2025\/07\/520243758_788573730528612_5269252825687712679_n-150x150.jpg\" class=\"attachment-thumbnail size-thumbnail\" alt=\"\" \/><\/a>\n\t\t\t<\/div><\/figure>\n\t\t<\/div>\n\n<div class=\"x14z9mp xat24cr x1lziwak x1vvkbs xtlvy1s x126k92a\">\n<div dir=\"auto\">El domingo pasado vivimos un momento inolvidable para el deporte temaxe\u00f1o: se llev\u00f3 a cabo el primer examen de grado del Dojang Temax, donde 41 alumnos de todas las edades demostraron el fruto de su esfuerzo, disciplina y constancia.<\/div>\n<\/div>\n<div class=\"x14z9mp xat24cr x1lziwak x1vvkbs xtlvy1s x126k92a\">\n<div dir=\"auto\">Con nervios, emoci\u00f3n y mucha energ\u00eda, nuestros atletas subieron al tatami a presentar su evaluaci\u00f3n, siendo guiados con firmeza y cari\u00f1o por su profesor, Andr\u00e9s Roberto Guzm\u00e1n N\u00fa\u00f1ez, quien ha impulsado con entrega este programa gratuito de Tae Kwon Do en nuestro municipio.<\/div>\n<\/div>\n<div class=\"x14z9mp xat24cr x1lziwak x1vvkbs xtlvy1s x126k92a\">\n<div dir=\"auto\">Agradecemos profundamente al H. Ayuntamiento de Temax por todo el apoyo brindado para que este evento se realizara en las mejores condiciones posibles, as\u00ed como al Sinodal Joshua de Medina, quien con su experiencia y calidad t\u00e9cnica fue el encargado de evaluar a nuestros estudiantes, brindando valiosas observaciones que enriquecer\u00e1n su camino en este arte marcial.<\/div>\n<\/div>\n<div class=\"x14z9mp xat24cr x1lziwak x1vvkbs xtlvy1s x126k92a\">\n<div dir=\"auto\">Este examen no solo representa el avance t\u00e9cnico de cada ni\u00f1o, joven y adulto que entrena en nuestro dojang, sino tambi\u00e9n el inicio de un legado: el de formar ciudadanos disciplinados, comprometidos con su salud, su comunidad y su crecimiento personal.<\/div>\n<\/div>\n<div class=\"x14z9mp xat24cr x1lziwak x1vvkbs xtlvy1s x126k92a\">\n<div dir=\"auto\">\u00a1Felicidades a todos los que participaron! Este es solo el comienzo.<\/div>\n<\/div>\n","protected":false},"excerpt":{"rendered":"<p>El domingo pasado vivimos un momento inolvidable para el deporte temaxe\u00f1o: se llev\u00f3 a cabo el primer examen de grado del Dojang Temax, donde 41 alumnos de todas las edades demostraron el fruto de su esfuerzo, disciplina y constancia. Con nervios, emoci\u00f3n y mucha energ\u00eda, nuestros atletas subieron al tatami a presentar su evaluaci\u00f3n, siendo [&hellip;]<\/p>\n","protected":false},"author":1,"featured_media":2455,"comment_status":"closed","ping_status":"open","sticky":false,"template":"","format":"standard","meta":{"footnotes":""},"categories":[12],"tags":[],"class_list":["post-2451","post","type-post","status-publish","format-standard","has-post-thumbnail","hentry","category-deporte"],"_links":{"self":[{"href":"https:\/\/temax.gob.mx\/index.php\/wp-json\/wp\/v2\/posts\/2451","targetHints":{"allow":["GET"]}}],"collection":[{"href":"https:\/\/temax.gob.mx\/index.php\/wp-json\/wp\/v2\/posts"}],"about":[{"href":"https:\/\/temax.gob.mx\/index.php\/wp-json\/wp\/v2\/types\/post"}],"author":[{"embeddable":true,"href":"https:\/\/temax.gob.mx\/index.php\/wp-json\/wp\/v2\/users\/1"}],"replies":[{"embeddable":true,"href":"https:\/\/temax.gob.mx\/index.php\/wp-json\/wp\/v2\/comments?post=2451"}],"version-history":[{"count":1,"href":"https:\/\/temax.gob.mx\/index.php\/wp-json\/wp\/v2\/posts\/2451\/revisions"}],"predecessor-version":[{"id":2456,"href":"https:\/\/temax.gob.mx\/index.php\/wp-json\/wp\/v2\/posts\/2451\/revisions\/2456"}],"wp:featuredmedia":[{"embeddable":true,"href":"https:\/\/temax.gob.mx\/index.php\/wp-json\/wp\/v2\/media\/2455"}],"wp:attachment":[{"href":"https:\/\/temax.gob.mx\/index.php\/wp-json\/wp\/v2\/media?parent=2451"}],"wp:term":[{"taxonomy":"category","embeddable":true,"href":"https:\/\/temax.gob.mx\/index.php\/wp-json\/wp\/v2\/categories?post=2451"},{"taxonomy":"post_tag","embeddable":true,"href":"https:\/\/temax.gob.mx\/index.php\/wp-json\/wp\/v2\/tags?post=2451"}],"curies":[{"name":"wp","href":"https:\/\/api.w.org\/{rel}","templated":true}]}}