{"id":2264,"date":"2025-05-20T18:57:52","date_gmt":"2025-05-20T18:57:52","guid":{"rendered":"https:\/\/temax.gob.mx\/?p=2264"},"modified":"2025-05-20T18:57:52","modified_gmt":"2025-05-20T18:57:52","slug":"celebracion-del-dia-del-nino-y-la-nina","status":"publish","type":"post","link":"https:\/\/temax.gob.mx\/index.php\/2025\/05\/20\/celebracion-del-dia-del-nino-y-la-nina\/","title":{"rendered":"Celebraci\u00f3n del D\u00eda del Ni\u00f1o y la Ni\u00f1a."},"content":{"rendered":"<div id='gallery-1' class='gallery galleryid-2264 gallery-columns-8 gallery-size-thumbnail'><figure class='gallery-item'>\n\t\t\t<div class='gallery-icon landscape'>\n\t\t\t\t<a href='https:\/\/temax.gob.mx\/wp-content\/uploads\/2025\/05\/494995170_732981356087850_5216751986068305649_n.jpg'><img loading=\"lazy\" decoding=\"async\" width=\"150\" height=\"150\" src=\"https:\/\/temax.gob.mx\/wp-content\/uploads\/2025\/05\/494995170_732981356087850_5216751986068305649_n-150x150.jpg\" class=\"attachment-thumbnail size-thumbnail\" alt=\"\" \/><\/a>\n\t\t\t<\/div><\/figure><figure class='gallery-item'>\n\t\t\t<div class='gallery-icon landscape'>\n\t\t\t\t<a href='https:\/\/temax.gob.mx\/wp-content\/uploads\/2025\/05\/495062388_732981532754499_3733774652122380384_n.jpg'><img loading=\"lazy\" decoding=\"async\" width=\"150\" height=\"150\" src=\"https:\/\/temax.gob.mx\/wp-content\/uploads\/2025\/05\/495062388_732981532754499_3733774652122380384_n-150x150.jpg\" class=\"attachment-thumbnail size-thumbnail\" alt=\"\" \/><\/a>\n\t\t\t<\/div><\/figure><figure class='gallery-item'>\n\t\t\t<div class='gallery-icon landscape'>\n\t\t\t\t<a href='https:\/\/temax.gob.mx\/wp-content\/uploads\/2025\/05\/495183356_732981526087833_90745095115396769_n.jpg'><img loading=\"lazy\" decoding=\"async\" width=\"150\" height=\"150\" src=\"https:\/\/temax.gob.mx\/wp-content\/uploads\/2025\/05\/495183356_732981526087833_90745095115396769_n-150x150.jpg\" class=\"attachment-thumbnail size-thumbnail\" alt=\"\" \/><\/a>\n\t\t\t<\/div><\/figure><figure class='gallery-item'>\n\t\t\t<div class='gallery-icon landscape'>\n\t\t\t\t<a href='https:\/\/temax.gob.mx\/wp-content\/uploads\/2025\/05\/495268562_732981436087842_3638245010336980709_n.jpg'><img loading=\"lazy\" decoding=\"async\" width=\"150\" height=\"150\" src=\"https:\/\/temax.gob.mx\/wp-content\/uploads\/2025\/05\/495268562_732981436087842_3638245010336980709_n-150x150.jpg\" class=\"attachment-thumbnail size-thumbnail\" alt=\"\" \/><\/a>\n\t\t\t<\/div><\/figure><figure class='gallery-item'>\n\t\t\t<div class='gallery-icon landscape'>\n\t\t\t\t<a href='https:\/\/temax.gob.mx\/wp-content\/uploads\/2025\/05\/495325149_732981619421157_3832984279849107063_n.jpg'><img loading=\"lazy\" decoding=\"async\" width=\"150\" height=\"150\" src=\"https:\/\/temax.gob.mx\/wp-content\/uploads\/2025\/05\/495325149_732981619421157_3832984279849107063_n-150x150.jpg\" class=\"attachment-thumbnail size-thumbnail\" alt=\"\" \/><\/a>\n\t\t\t<\/div><\/figure><figure class='gallery-item'>\n\t\t\t<div class='gallery-icon landscape'>\n\t\t\t\t<a href='https:\/\/temax.gob.mx\/wp-content\/uploads\/2025\/05\/495449393_732981369421182_8783229303973733845_n.jpg'><img loading=\"lazy\" decoding=\"async\" width=\"150\" height=\"150\" src=\"https:\/\/temax.gob.mx\/wp-content\/uploads\/2025\/05\/495449393_732981369421182_8783229303973733845_n-150x150.jpg\" class=\"attachment-thumbnail size-thumbnail\" alt=\"\" \/><\/a>\n\t\t\t<\/div><\/figure><figure class='gallery-item'>\n\t\t\t<div class='gallery-icon landscape'>\n\t\t\t\t<a href='https:\/\/temax.gob.mx\/wp-content\/uploads\/2025\/05\/495480820_732981452754507_2106288196066868525_n.jpg'><img loading=\"lazy\" decoding=\"async\" width=\"150\" height=\"150\" src=\"https:\/\/temax.gob.mx\/wp-content\/uploads\/2025\/05\/495480820_732981452754507_2106288196066868525_n-150x150.jpg\" class=\"attachment-thumbnail size-thumbnail\" alt=\"\" \/><\/a>\n\t\t\t<\/div><\/figure><figure class='gallery-item'>\n\t\t\t<div class='gallery-icon landscape'>\n\t\t\t\t<a href='https:\/\/temax.gob.mx\/wp-content\/uploads\/2025\/05\/495632497_732981679421151_6299155912101379810_n.jpg'><img loading=\"lazy\" decoding=\"async\" width=\"150\" height=\"150\" src=\"https:\/\/temax.gob.mx\/wp-content\/uploads\/2025\/05\/495632497_732981679421151_6299155912101379810_n-150x150.jpg\" class=\"attachment-thumbnail size-thumbnail\" alt=\"\" \/><\/a>\n\t\t\t<\/div><\/figure>\n\t\t<\/div>\n\n<div class=\"x11i5rnm xat24cr x1mh8g0r x1vvkbs xtlvy1s x126k92a\">\n<div dir=\"auto\">En el marco de la celebraci\u00f3n del &#8220;D\u00eda del Ni\u00f1o y de la Ni\u00f1a&#8221;, el presidente municipal interino, Jesus Ku Cime, dio la bienvenida a los ni\u00f1os, ni\u00f1as y j\u00f3venes que asistieron a la funci\u00f3n de circo el pasado mi\u00e9rcoles en un ambiente de sana convivencia familiar.<\/div>\n<\/div>\n<div class=\"x11i5rnm xat24cr x1mh8g0r x1vvkbs xtlvy1s x126k92a\">\n<div dir=\"auto\">Del mismo modo, la semana pasada se llevo a cabo la Feria del ni\u00f1o y la ni\u00f1a en la que pudieron participar un gran n\u00famero de infantes de Temax y sus comisar\u00edas. Asi mismo, se le apoy\u00f3 a todas las escuelas con juguetes para llevar a cabo sus respectivos festivales.<\/div>\n<\/div>\n<div class=\"x11i5rnm xat24cr x1mh8g0r x1vvkbs xtlvy1s x126k92a\">\n<div dir=\"auto\">Seguiremos trabajando en equipo para brindar las mejores condiciones con las cuales las ni\u00f1as y ni\u00f1os de <span class=\"html-span xdj266r x11i5rnm xat24cr x1mh8g0r xexx8yu x4uap5 x18d9i69 xkhd6sd x1hl2dhg x16tdsg8 x1vvkbs\"><a class=\"x1i10hfl xjbqb8w x1ejq31n xd10rxx x1sy0etr x17r0tee x972fbf xcfux6l x1qhh985 xm0m39n x9f619 x1ypdohk xt0psk2 xe8uvvx xdj266r x11i5rnm xat24cr x1mh8g0r xexx8yu x4uap5 x18d9i69 xkhd6sd x16tdsg8 x1hl2dhg xggy1nq x1a2a7pz xkrqix3 x1sur9pj x1fey0fg x1s688f\" tabindex=\"0\" role=\"link\" href=\"https:\/\/www.facebook.com\/hashtag\/temax?__eep__=6&amp;__cft__[0]=AZXIWzaETE0YXyfwWLRK2Btr7ASud8q7vCAgIxMJPEmakqCstItjc5gqCKktFBpR8aBzCyjBlOcVFqa0Y53KPy6mrpzL71MO04CL-UAnYtekY-g1DTXMPxfWCMPqg-U1ovd615UnN2l7kPZnx0kg7CBBVPbGdJkcEoTfk7VlPEvVKA&amp;__tn__=*NK-R\">#Temax<\/a><\/span> y sus comisar\u00edas tengan todas las herramientas para crecer y desarrollarse plenamente.<\/div>\n<\/div>\n","protected":false},"excerpt":{"rendered":"<p>En el marco de la celebraci\u00f3n del &#8220;D\u00eda del Ni\u00f1o y de la Ni\u00f1a&#8221;, el presidente municipal interino, Jesus Ku Cime, dio la bienvenida a los ni\u00f1os, ni\u00f1as y j\u00f3venes que asistieron a la funci\u00f3n de circo el pasado mi\u00e9rcoles en un ambiente de sana convivencia familiar. Del mismo modo, la semana pasada se llevo [&hellip;]<\/p>\n","protected":false},"author":1,"featured_media":2270,"comment_status":"closed","ping_status":"open","sticky":false,"template":"","format":"standard","meta":{"footnotes":""},"categories":[8],"tags":[],"class_list":["post-2264","post","type-post","status-publish","format-standard","has-post-thumbnail","hentry","category-presidencia"],"_links":{"self":[{"href":"https:\/\/temax.gob.mx\/index.php\/wp-json\/wp\/v2\/posts\/2264","targetHints":{"allow":["GET"]}}],"collection":[{"href":"https:\/\/temax.gob.mx\/index.php\/wp-json\/wp\/v2\/posts"}],"about":[{"href":"https:\/\/temax.gob.mx\/index.php\/wp-json\/wp\/v2\/types\/post"}],"author":[{"embeddable":true,"href":"https:\/\/temax.gob.mx\/index.php\/wp-json\/wp\/v2\/users\/1"}],"replies":[{"embeddable":true,"href":"https:\/\/temax.gob.mx\/index.php\/wp-json\/wp\/v2\/comments?post=2264"}],"version-history":[{"count":1,"href":"https:\/\/temax.gob.mx\/index.php\/wp-json\/wp\/v2\/posts\/2264\/revisions"}],"predecessor-version":[{"id":2273,"href":"https:\/\/temax.gob.mx\/index.php\/wp-json\/wp\/v2\/posts\/2264\/revisions\/2273"}],"wp:featuredmedia":[{"embeddable":true,"href":"https:\/\/temax.gob.mx\/index.php\/wp-json\/wp\/v2\/media\/2270"}],"wp:attachment":[{"href":"https:\/\/temax.gob.mx\/index.php\/wp-json\/wp\/v2\/media?parent=2264"}],"wp:term":[{"taxonomy":"category","embeddable":true,"href":"https:\/\/temax.gob.mx\/index.php\/wp-json\/wp\/v2\/categories?post=2264"},{"taxonomy":"post_tag","embeddable":true,"href":"https:\/\/temax.gob.mx\/index.php\/wp-json\/wp\/v2\/tags?post=2264"}],"curies":[{"name":"wp","href":"https:\/\/api.w.org\/{rel}","templated":true}]}}