{"id":14,"date":"2022-02-08T22:56:41","date_gmt":"2022-02-08T22:56:41","guid":{"rendered":"http:\/\/temax.gob.mx\/?p=14"},"modified":"2022-02-08T22:56:41","modified_gmt":"2022-02-08T22:56:41","slug":"instalacion-del-consejo-municipal-de-participacion-escolar-en-la-educacion","status":"publish","type":"post","link":"https:\/\/temax.gob.mx\/index.php\/2022\/02\/08\/instalacion-del-consejo-municipal-de-participacion-escolar-en-la-educacion\/","title":{"rendered":"Instalaci\u00f3n del Consejo Municipal de Participaci\u00f3n Escolar en la Educaci\u00f3n."},"content":{"rendered":"<div id='gallery-1' class='gallery galleryid-14 gallery-columns-4 gallery-size-thumbnail'><figure class='gallery-item'>\n\t\t\t<div class='gallery-icon landscape'>\n\t\t\t\t<a href='https:\/\/temax.gob.mx\/wp-content\/uploads\/2022\/02\/273040548_144911014594710_3309516768640342132_n.jpg'><img loading=\"lazy\" decoding=\"async\" width=\"150\" height=\"150\" src=\"https:\/\/temax.gob.mx\/wp-content\/uploads\/2022\/02\/273040548_144911014594710_3309516768640342132_n-150x150.jpg\" class=\"attachment-thumbnail size-thumbnail\" alt=\"\" \/><\/a>\n\t\t\t<\/div><\/figure><figure class='gallery-item'>\n\t\t\t<div class='gallery-icon landscape'>\n\t\t\t\t<a href='https:\/\/temax.gob.mx\/wp-content\/uploads\/2022\/02\/273148462_144911077928037_8024111486959871786_n.jpg'><img loading=\"lazy\" decoding=\"async\" width=\"150\" height=\"150\" src=\"https:\/\/temax.gob.mx\/wp-content\/uploads\/2022\/02\/273148462_144911077928037_8024111486959871786_n-150x150.jpg\" class=\"attachment-thumbnail size-thumbnail\" alt=\"\" \/><\/a>\n\t\t\t<\/div><\/figure><figure class='gallery-item'>\n\t\t\t<div class='gallery-icon landscape'>\n\t\t\t\t<a href='https:\/\/temax.gob.mx\/wp-content\/uploads\/2022\/02\/273153952_144911067928038_2389938613448493696_n.jpg'><img loading=\"lazy\" decoding=\"async\" width=\"150\" height=\"150\" src=\"https:\/\/temax.gob.mx\/wp-content\/uploads\/2022\/02\/273153952_144911067928038_2389938613448493696_n-150x150.jpg\" class=\"attachment-thumbnail size-thumbnail\" alt=\"\" \/><\/a>\n\t\t\t<\/div><\/figure><figure class='gallery-item'>\n\t\t\t<div class='gallery-icon landscape'>\n\t\t\t\t<a href='https:\/\/temax.gob.mx\/wp-content\/uploads\/2022\/02\/273217215_144911024594709_8723551680584336725_n.jpg'><img loading=\"lazy\" decoding=\"async\" width=\"150\" height=\"150\" src=\"https:\/\/temax.gob.mx\/wp-content\/uploads\/2022\/02\/273217215_144911024594709_8723551680584336725_n-150x150.jpg\" class=\"attachment-thumbnail size-thumbnail\" alt=\"\" \/><\/a>\n\t\t\t<\/div><\/figure>\n\t\t<\/div>\n\n<p>El alcalde <a class=\"oajrlxb2 g5ia77u1 qu0x051f esr5mh6w e9989ue4 r7d6kgcz rq0escxv nhd2j8a9 nc684nl6 p7hjln8o kvgmc6g5 cxmmr5t8 oygrvhab hcukyx3x jb3vyjys rz4wbd8a qt6c0cv9 a8nywdso i1ao9s8h esuyzwwr f1sip0of lzcic4wl gpro0wi8 q66pz984 b1v8xokw\" tabindex=\"0\" role=\"link\" href=\"https:\/\/www.facebook.com\/tonygonzaleztemax\/?__cft__[0]=AZV06KkEwnBQ_uacAHFzSWxe8m6UKC8QVvGA4pwfX43H-l-Cu7gg88N90ZL6vN3jtYxXYr5sgv5cjnUeeHFarPIiWOTfNhsCE59rivl9LICPM8FemdysIZgVeYz07AzaMG0qJ2CrYBJ0Pr_3Wt1epxP5&amp;__tn__=kK-R\"><span class=\"nc684nl6\">Tony Gonz\u00e1lez<\/span><\/a> encabez\u00f3 la &#8220;Instalaci\u00f3n del consejo municipal de participaci\u00f3n escolar en la educaci\u00f3n&#8221; integrado por autoridades estatales, municipales, directores y padres y madres de familia de las diferentes escuelas y tendr\u00e1 como objetivo principal encauzar los esfuerzos para que las ni\u00f1as, ni\u00f1os y j\u00f3venes temaxe\u00f1os tengan las mejores condiciones para tener una educaci\u00f3n digna y con todas las oportunidades. Continuaremos trabajando en equipo para que los temaxe\u00f1os cuenten con las oportunidades para estudiar y tener una mejor calidad de vida.<\/p>\n","protected":false},"excerpt":{"rendered":"<p>El alcalde Tony Gonz\u00e1lez encabez\u00f3 la &#8220;Instalaci\u00f3n del consejo municipal de participaci\u00f3n escolar en la educaci\u00f3n&#8221; integrado por autoridades estatales, municipales, directores y padres y madres de familia de las diferentes escuelas y tendr\u00e1 como objetivo principal encauzar los esfuerzos para que las ni\u00f1as, ni\u00f1os y j\u00f3venes temaxe\u00f1os tengan las mejores condiciones para tener una [&hellip;]<\/p>\n","protected":false},"author":1,"featured_media":15,"comment_status":"closed","ping_status":"open","sticky":false,"template":"","format":"standard","meta":{"footnotes":""},"categories":[2],"tags":[],"class_list":["post-14","post","type-post","status-publish","format-standard","has-post-thumbnail","hentry","category-educacion"],"_links":{"self":[{"href":"https:\/\/temax.gob.mx\/index.php\/wp-json\/wp\/v2\/posts\/14","targetHints":{"allow":["GET"]}}],"collection":[{"href":"https:\/\/temax.gob.mx\/index.php\/wp-json\/wp\/v2\/posts"}],"about":[{"href":"https:\/\/temax.gob.mx\/index.php\/wp-json\/wp\/v2\/types\/post"}],"author":[{"embeddable":true,"href":"https:\/\/temax.gob.mx\/index.php\/wp-json\/wp\/v2\/users\/1"}],"replies":[{"embeddable":true,"href":"https:\/\/temax.gob.mx\/index.php\/wp-json\/wp\/v2\/comments?post=14"}],"version-history":[{"count":1,"href":"https:\/\/temax.gob.mx\/index.php\/wp-json\/wp\/v2\/posts\/14\/revisions"}],"predecessor-version":[{"id":19,"href":"https:\/\/temax.gob.mx\/index.php\/wp-json\/wp\/v2\/posts\/14\/revisions\/19"}],"wp:featuredmedia":[{"embeddable":true,"href":"https:\/\/temax.gob.mx\/index.php\/wp-json\/wp\/v2\/media\/15"}],"wp:attachment":[{"href":"https:\/\/temax.gob.mx\/index.php\/wp-json\/wp\/v2\/media?parent=14"}],"wp:term":[{"taxonomy":"category","embeddable":true,"href":"https:\/\/temax.gob.mx\/index.php\/wp-json\/wp\/v2\/categories?post=14"},{"taxonomy":"post_tag","embeddable":true,"href":"https:\/\/temax.gob.mx\/index.php\/wp-json\/wp\/v2\/tags?post=14"}],"curies":[{"name":"wp","href":"https:\/\/api.w.org\/{rel}","templated":true}]}}