{"id":1012,"date":"2022-10-21T20:56:41","date_gmt":"2022-10-21T20:56:41","guid":{"rendered":"https:\/\/temax.gob.mx\/?p=1012"},"modified":"2022-10-21T20:56:41","modified_gmt":"2022-10-21T20:56:41","slug":"marcha-en-apoyo-por-la-lucha-contra-el-cancer-de-mama","status":"publish","type":"post","link":"https:\/\/temax.gob.mx\/index.php\/2022\/10\/21\/marcha-en-apoyo-por-la-lucha-contra-el-cancer-de-mama\/","title":{"rendered":"Marcha en apoyo por la lucha contra el c\u00e1ncer de mama."},"content":{"rendered":"<div id='gallery-1' class='gallery galleryid-1012 gallery-columns-4 gallery-size-thumbnail'><figure class='gallery-item'>\n\t\t\t<div class='gallery-icon landscape'>\n\t\t\t\t<a href='https:\/\/temax.gob.mx\/wp-content\/uploads\/2022\/10\/309789733_154430837276241_8567513964804738310_n.jpg'><img loading=\"lazy\" decoding=\"async\" width=\"150\" height=\"150\" src=\"https:\/\/temax.gob.mx\/wp-content\/uploads\/2022\/10\/309789733_154430837276241_8567513964804738310_n-150x150.jpg\" class=\"attachment-thumbnail size-thumbnail\" alt=\"\" \/><\/a>\n\t\t\t<\/div><\/figure><figure class='gallery-item'>\n\t\t\t<div class='gallery-icon landscape'>\n\t\t\t\t<a href='https:\/\/temax.gob.mx\/wp-content\/uploads\/2022\/10\/310145248_154430750609583_8623399386043809503_n.jpg'><img loading=\"lazy\" decoding=\"async\" width=\"150\" height=\"150\" src=\"https:\/\/temax.gob.mx\/wp-content\/uploads\/2022\/10\/310145248_154430750609583_8623399386043809503_n-150x150.jpg\" class=\"attachment-thumbnail size-thumbnail\" alt=\"\" \/><\/a>\n\t\t\t<\/div><\/figure><figure class='gallery-item'>\n\t\t\t<div class='gallery-icon landscape'>\n\t\t\t\t<a href='https:\/\/temax.gob.mx\/wp-content\/uploads\/2022\/10\/310185229_154430747276250_1489057228231202119_n.jpg'><img loading=\"lazy\" decoding=\"async\" width=\"150\" height=\"150\" src=\"https:\/\/temax.gob.mx\/wp-content\/uploads\/2022\/10\/310185229_154430747276250_1489057228231202119_n-150x150.jpg\" class=\"attachment-thumbnail size-thumbnail\" alt=\"\" \/><\/a>\n\t\t\t<\/div><\/figure><figure class='gallery-item'>\n\t\t\t<div class='gallery-icon landscape'>\n\t\t\t\t<a href='https:\/\/temax.gob.mx\/wp-content\/uploads\/2022\/10\/311595945_154430580609600_2391504811464785512_n.jpg'><img loading=\"lazy\" decoding=\"async\" width=\"150\" height=\"150\" src=\"https:\/\/temax.gob.mx\/wp-content\/uploads\/2022\/10\/311595945_154430580609600_2391504811464785512_n-150x150.jpg\" class=\"attachment-thumbnail size-thumbnail\" alt=\"\" \/><\/a>\n\t\t\t<\/div><\/figure>\n\t\t<\/div>\n\n<div class=\"xdj266r x11i5rnm xat24cr x1mh8g0r x1vvkbs x126k92a\">\n<div dir=\"auto\">En el marco del <a class=\"x1i10hfl xjbqb8w x6umtig x1b1mbwd xaqea5y xav7gou x9f619 x1ypdohk xt0psk2 xe8uvvx xdj266r x11i5rnm xat24cr x1mh8g0r xexx8yu x4uap5 x18d9i69 xkhd6sd x16tdsg8 x1hl2dhg xggy1nq x1a2a7pz xt0b8zv x1qq9wsj xo1l8bm\" tabindex=\"0\" role=\"link\" href=\"https:\/\/www.facebook.com\/hashtag\/mesrosa?__eep__=6&amp;__cft__[0]=AZUOJQ91MRGez4V2yGylmFK6sd4Ij-_nPvwBpSGvbczhk_D-_4HWG9uAFs_UTYHweB4-Y4KUYjwsmOidshbEf1IraNFKRC8grPaIrgzmheCmwQ9rAJd6TYPzkP-m2vF-Ds8UtiD1Q_8mIG1bafVs964v25Cx-7L5sSwIDqAUgL2VZ7rQsl0x2Gp2_Ba3Kjv2qeg&amp;__tn__=*NK-R\">#MesRosa<\/a><span class=\"x3nfvp2 x1j61x8r x1fcty0u xdj266r xhhsvwb xat24cr xgzva0m xxymvpz xlup9mm x1kky2od\"><img loading=\"lazy\" decoding=\"async\" src=\"https:\/\/static.xx.fbcdn.net\/images\/emoji.php\/v9\/tb7\/2\/16\/1f45a.png\" alt=\"\ud83d\udc5a\" width=\"16\" height=\"16\" \/><\/span>, personal del DIF Municipal, el Instituto de la Mujer, elementos de la polic\u00eda municipal, sector salud y mujeres temaxe\u00f1as se sumaron a la marcha en apoyo a la &#8220;Lucha contra el C\u00e1ncer de Mama&#8221;.<\/div>\n<\/div>\n<div class=\"x11i5rnm xat24cr x1mh8g0r x1vvkbs xtlvy1s x126k92a\">\n<div dir=\"auto\">Recorriendo calles de <a class=\"x1i10hfl xjbqb8w x6umtig x1b1mbwd xaqea5y xav7gou x9f619 x1ypdohk xt0psk2 xe8uvvx xdj266r x11i5rnm xat24cr x1mh8g0r xexx8yu x4uap5 x18d9i69 xkhd6sd x16tdsg8 x1hl2dhg xggy1nq x1a2a7pz xt0b8zv x1qq9wsj xo1l8bm\" tabindex=\"0\" role=\"link\" href=\"https:\/\/www.facebook.com\/hashtag\/temax?__eep__=6&amp;__cft__[0]=AZUOJQ91MRGez4V2yGylmFK6sd4Ij-_nPvwBpSGvbczhk_D-_4HWG9uAFs_UTYHweB4-Y4KUYjwsmOidshbEf1IraNFKRC8grPaIrgzmheCmwQ9rAJd6TYPzkP-m2vF-Ds8UtiD1Q_8mIG1bafVs964v25Cx-7L5sSwIDqAUgL2VZ7rQsl0x2Gp2_Ba3Kjv2qeg&amp;__tn__=*NK-R\">#Temax<\/a> demostraron su apoyo a trav\u00e9s de pancartas para hacer conciencia sobre la prevenci\u00f3n y la detecci\u00f3n oportuna.<\/div>\n<\/div>\n<div class=\"x11i5rnm xat24cr x1mh8g0r x1vvkbs xtlvy1s x126k92a\">\n<div dir=\"auto\">Continuaremos trabajando en beneficio de los temaxe\u00f1os para que cuenten con la informaci\u00f3n y las herramientas necesarias para tener una vida mejor y m\u00e1s digna.<\/div>\n<\/div>\n","protected":false},"excerpt":{"rendered":"<p>En el marco del #MesRosa, personal del DIF Municipal, el Instituto de la Mujer, elementos de la polic\u00eda municipal, sector salud y mujeres temaxe\u00f1as se sumaron a la marcha en apoyo a la &#8220;Lucha contra el C\u00e1ncer de Mama&#8221;. Recorriendo calles de #Temax demostraron su apoyo a trav\u00e9s de pancartas para hacer conciencia sobre la [&hellip;]<\/p>\n","protected":false},"author":1,"featured_media":1015,"comment_status":"closed","ping_status":"open","sticky":false,"template":"","format":"standard","meta":{"footnotes":""},"categories":[13],"tags":[],"class_list":["post-1012","post","type-post","status-publish","format-standard","has-post-thumbnail","hentry","category-instituto-de-la-mujer"],"_links":{"self":[{"href":"https:\/\/temax.gob.mx\/index.php\/wp-json\/wp\/v2\/posts\/1012","targetHints":{"allow":["GET"]}}],"collection":[{"href":"https:\/\/temax.gob.mx\/index.php\/wp-json\/wp\/v2\/posts"}],"about":[{"href":"https:\/\/temax.gob.mx\/index.php\/wp-json\/wp\/v2\/types\/post"}],"author":[{"embeddable":true,"href":"https:\/\/temax.gob.mx\/index.php\/wp-json\/wp\/v2\/users\/1"}],"replies":[{"embeddable":true,"href":"https:\/\/temax.gob.mx\/index.php\/wp-json\/wp\/v2\/comments?post=1012"}],"version-history":[{"count":1,"href":"https:\/\/temax.gob.mx\/index.php\/wp-json\/wp\/v2\/posts\/1012\/revisions"}],"predecessor-version":[{"id":1017,"href":"https:\/\/temax.gob.mx\/index.php\/wp-json\/wp\/v2\/posts\/1012\/revisions\/1017"}],"wp:featuredmedia":[{"embeddable":true,"href":"https:\/\/temax.gob.mx\/index.php\/wp-json\/wp\/v2\/media\/1015"}],"wp:attachment":[{"href":"https:\/\/temax.gob.mx\/index.php\/wp-json\/wp\/v2\/media?parent=1012"}],"wp:term":[{"taxonomy":"category","embeddable":true,"href":"https:\/\/temax.gob.mx\/index.php\/wp-json\/wp\/v2\/categories?post=1012"},{"taxonomy":"post_tag","embeddable":true,"href":"https:\/\/temax.gob.mx\/index.php\/wp-json\/wp\/v2\/tags?post=1012"}],"curies":[{"name":"wp","href":"https:\/\/api.w.org\/{rel}","templated":true}]}}